{"id":996,"date":"2024-08-31T09:05:53","date_gmt":"2024-08-31T07:05:53","guid":{"rendered":"https:\/\/www.szentkiralyi.hu\/tehetsegek\/?p=996"},"modified":"2024-09-02T07:46:22","modified_gmt":"2024-09-02T05:46:22","slug":"zeman-zora-zoeottusa","status":"publish","type":"post","link":"https:\/\/www.szentkiralyi.hu\/tehetsegek\/zeman-zora-zoeottusa\/","title":{"rendered":"<b>Zem\u00e1n Z\u00f3ra Zo\u00e9<\/b>\u00f6ttusa"},"content":{"rendered":"<div class=\"wpb-content-wrapper\">[vc_row][vc_column][vc_column_text css=&#8221;.vc_custom_1712237867651{padding-top: 35px !important;padding-bottom: 35px !important;}&#8221;]\r\n<h3>Tehets\u00e9geink<\/h3>\r\n[\/vc_column_text][\/vc_column][\/vc_row][vc_row full_height=&#8221;yes&#8221; columns_placement=&#8221;top&#8221;][vc_column width=&#8221;4\/12&#8243;][vc_single_image source=&#8221;featured_image&#8221; img_size=&#8221;700&#215;700&#8243;][\/vc_column][vc_column width=&#8221;8\/12&#8243; el_class=&#8221;tartalomtartzalom&#8221;][vc_custom_heading source=&#8221;post_title&#8221; font_container=&#8221;tag:h3|text_align:left&#8221; use_theme_fonts=&#8221;yes&#8221;][vc_column_text css=&#8221;.vc_custom_1725255979550{padding-top: 35px !important;padding-bottom: 35px !important;}&#8221;]\r\n<div class=\"wpb_text_column wpb_content_element vc_custom_1649230267762\">\r\n<div class=\"wpb_wrapper\">\r\n\r\nA 2024. \u00e9vben c\u00e9lkit\u0171z\u00e9seim k\u00f6z\u00f6tt szerepel k\u00e9t koroszt\u00e1lyban is a v\u00e1logatott kerettags\u00e1got el\u00e9rni, mind U19, mind pedig JUNIOR koroszt\u00e1lyokban. Erre vonatkoz\u00f3an a v\u00e1logat\u00f3 versenyek folyamatosan zajlanak. Ezid\u00e1ig egy U19-es verseny volt, ahol 1. helyez\u00e9st \u00e9rtem el, valamint k\u00e9t JUNIOR verseny volt, \u00e9s mindkett\u0151n szint\u00e9n 1. helyez\u00e9st \u00e9rtem el. C\u00e9lom, hogy mind az Eur\u00f3pa mind pedig a vil\u00e1gbajnoks\u00e1gon legal\u00e1bb a tavalyi \u00e9vben el\u00e9rt egy\u00e9ni eredm\u00e9nyeimet (dobog\u00f3s helyez\u00e9s), vagy ann\u00e1l jobb eredm\u00e9nyt \u00e9rjek el. \u00dasz\u00e1sban szeretn\u00e9m az egy\u00e9ni id\u0151eredm\u00e9nyemet jav\u00edtani, \u00e9s legal\u00e1bb 02:15-\u00f6t \u00faszni 200 m\u00e9ter gyorson. OCR-ben szeretn\u00e9m az egy\u00e9ni id\u0151eredm\u00e9nyemet jav\u00edtani, \u00e9s legal\u00e1bb 00:35-\u00f6t menni a p\u00e1ly\u00e1n. Laser Runban szeretn\u00e9k egy\u00e9ni cs\u00facsot el\u00e9rni. V\u00edv\u00e1sban az Eur\u00f3pa-, \u00e9s a vil\u00e1gbajnoks\u00e1gon az els\u0151 5-ben szeretn\u00e9k lenni.\r\n\r\n<strong>Meghat\u00e1roz\u00f3 sporteredm\u00e9nyek:<\/strong>\r\n<ul>\r\n \t<li>2023. \u00e9v\r\nIfj\u00fas\u00e1gi Eur\u00f3pa Bajnoks\u00e1g (Litv\u00e1nia):\r\n&#8211; egy\u00e9ni: 3. helyez\u00e9s,\r\n&#8211; v\u00e1lt\u00f3: 1 helyez\u00e9s,\r\n&#8211; csapat: 1. helyez\u00e9s.Laser Run Eur\u00f3pa Bajnoks\u00e1g (N\u00e9metorsz\u00e1g):\r\n&#8211; triathle egy\u00e9ni: 1. helyez\u00e9s,\r\n&#8211; laser run: egy\u00e9ni: 1. helyez\u00e9s,\r\n&#8211; v\u00e1lt\u00f3: 1. helyez\u00e9s.Ifj\u00fas\u00e1gi Vil\u00e1gbajnoks\u00e1g 2023 (Isztambul):\r\n&#8211; egy\u00e9ni: 3. helyez\u00e9s,\r\n&#8211; v\u00e1lt\u00f3: 1 helyez\u00e9s,\r\n&#8211; csapat: 1. helyez\u00e9s.U19 Orsz\u00e1gos Bajnoks\u00e1g:\r\n&#8211; egy\u00e9ni: 1. helyez\u00e9s.<\/li>\r\n \t<li>Junior Orsz\u00e1gos Bajnoks\u00e1g:\r\n&#8211; egy\u00e9ni: 2. helyez\u00e9s.<\/li>\r\n \t<li>Orsz\u00e1gos Di\u00e1kolimpia:\r\n&#8211; 4&#215;800 m\u00e9ter le\u00e1ny v\u00e1lt\u00f3: 2. helyez\u00e9s.<\/li>\r\n \t<li>2022.\u00e9v\r\nIfj\u00fas\u00e1gi Vil\u00e1gbajnoks\u00e1g:\r\n&#8211; egy\u00e9ni: 6. helyez\u00e9s,\r\n&#8211; csapat: 2. helyez\u00e9s.Ifj\u00fas\u00e1gi Eur\u00f3pa Bajnoks\u00e1g:\r\n&#8211; csapat: 1. helyez\u00e9s.Olimpiai Rem\u00e9nys\u00e9gek Versenye:\r\n&#8211; egy\u00e9ni: 1. helyez\u00e9s,\r\n&#8211; v\u00e1lt\u00f3: 2. helyez\u00e9s.Orsz\u00e1gos Bajnoks\u00e1g:\r\n&#8211; 1. helyez\u00e9s.<\/li>\r\n \t<li>Orsz\u00e1gos Di\u00e1kolimpia:\r\n&#8211; 800 m\u00e9ter s\u00edkfut\u00e1s: 2. helyez\u00e9s.\r\n&#8211; 4&#215;800 m\u00e9ter le\u00e1ny v\u00e1ltl\u00f3: 1. helyez\u00e9s.<\/li>\r\n \t<li>2021. \u00e9v\r\nIfj\u00fas\u00e1gi Vil\u00e1gbajnoks\u00e1g:\r\n&#8211; egy\u00e9ni: 9. helyez\u00e9s,\r\n&#8211; csapat: 2. helyez\u00e9s.Ifj\u00fas\u00e1gi Eur\u00f3pa Bajnoks\u00e1g: &#8211; egy\u00e9ni: 5. helyez\u00e9s,\r\n&#8211; csapat: 1. helyez\u00e9s.<\/li>\r\n<\/ul>\r\n<strong>Fontosabb \u00e1llom\u00e1sok:<\/strong>\r\n<ul>\r\n \t<li>2011-t\u0151l (5 \u00e9ves korom \u00f3ta) a Domb\u00f3v\u00e1ri Sportiskola Egyes\u00fcletben \u00fasztam, majd k\u00e9t- \u00e9s h\u00e1rom tus\u00e1ztam.<\/li>\r\n \t<li>Ezzel p\u00e1rhuzamosan a Domb\u00f3v\u00e1ri Vasutas Atl\u00e9tikai Sportegyes\u00fcletben atl\u00e9tiz\u00e1ltam, Fazekas G\u00e1sp\u00e1r edz\u0151 ir\u00e1ny\u00edt\u00e1s\u00e1val \u00e9s maxim\u00e1lis t\u00e1mogat\u00e1s\u00e1val, akivel a k\u00e9t- \u00e9s h\u00e1romtusa versenyekre is k\u00e9sz\u00fcltem, mind fut\u00e1sban, mind pedig l\u00f6v\u00e9szetben.<\/li>\r\n \t<li>Mindek\u00f6zben sz\u00fcleim Kaposv\u00e1rra hordtak \u00e1t heti k\u00e9t alkalommal v\u00edvni, Mat\u00f3 Gyula paralimpikon edz\u0151h\u00f6z.<\/li>\r\n \t<li>14 \u00e9ves koromban sz\u00fcleimet megkereste Kov\u00e1cs Tam\u00e1s, a Budapesti Honv\u00e9d Sportegyes\u00fclet \u00f6ttusa szakoszt\u00e1lyvezet\u0151je, \u00e9s k\u00e9rte, hogy n\u00e9zz\u00fck meg az egyes\u00fclet munk\u00e1j\u00e1t, majd igazoljak hozz\u00e1juk.<\/li>\r\n \t<li>2021. \u00f3ta a Budapesti Honv\u00e9d Sportegyes\u00fclet U19-es koroszt\u00e1lyos igazolt \u00f6ttus\u00e1z\u00f3ja vagyok. Munk\u00e1mnak k\u00f6sz\u00f6nhet\u0151en, minden \u00e9vben a v\u00e1logatott kerettagjak\u00e9nt indulhattam vil\u00e1gversenyeken.<\/li>\r\n<\/ul>\r\n<strong>Anyagi t\u00e1mogat\u00e1s felhaszn\u00e1l\u00e1sa:<\/strong>\r\n<ul>\r\n \t<li>Szeretn\u00e9k egy laser fegyvert v\u00e1s\u00e1rolni. A jelenlegit m\u00e9g sz\u00fcleim a p\u00e1lyafut\u00e1som elej\u00e9n v\u00e1s\u00e1rolt\u00e1k, \u00e9s ez az els\u0151 pisztolyom, amelynek a markolata a sok \u00e9vi edz\u00e9smunka \u00e9s verseny alatt m\u00e1r elhaszn\u00e1l\u00f3dott. M\u00e1r t\u00f6bb alkalommal is volt jav\u00edtva, cser\u00e9lve, de \u00edgy m\u00e1r nem az igazi. A csere mellett sz\u00f3l m\u00e9g az is, hogy ma m\u00e1r az eny\u00e9mn\u00e9l sokkal modernebb, k\u00f6nnyebb fegyvereket lehet beszerezni, amelynek haszn\u00e1lata sor\u00e1n jelent\u0151sen javulhatna az id\u0151eredm\u00e9nyem is.<\/li>\r\n \t<li>\u00dasz\u00e1shoz egy j\u00f3 min\u0151s\u00e9g\u0171 \u201eCARBAN\u201d \u00fasz\u00f3ruh\u00e1ra lenne sz\u00fcks\u00e9gem. A jelenlegit m\u00e1r kin\u0151tem, ez\u00e9rt nehezen tudom felvenni verseny el\u0151tt. K\u00e9t versenysz\u00e1m k\u00f6z\u00f6tt, pedig sokat sz\u00e1m\u00edt a bemeleg\u00edt\u00e9si id\u0151, amelyet a gyors \u00f6lt\u00f6z\u00e9ssel tudok n\u00f6velni.<\/li>\r\n<\/ul>\r\n&nbsp;\r\n\r\n<\/div>\r\n<\/div>\r\n[\/vc_column_text][vc_row_inner][vc_column_inner width=&#8221;1\/2&#8243;][\/vc_column_inner][vc_column_inner width=&#8221;1\/2&#8243;][\/vc_column_inner][\/vc_row_inner][\/vc_column][\/vc_row]<\/div>","protected":false},"excerpt":{"rendered":"<p>A 2024. \u00e9vben c\u00e9lkit\u0171z\u00e9seim k\u00f6z\u00f6tt szerepel k\u00e9t koroszt\u00e1lyban is a v\u00e1logatott kerettags\u00e1got el\u00e9rni, mind U19, mind pedig JUNIOR koroszt\u00e1lyokban&#8230;<\/p>\n","protected":false},"author":1,"featured_media":1008,"comment_status":"closed","ping_status":"closed","sticky":false,"template":"","format":"standard","meta":{"_acf_changed":false,"footnotes":""},"categories":[9],"tags":[],"class_list":["post-996","post","type-post","status-publish","format-standard","has-post-thumbnail","hentry","category-tehetsegeink-2024"],"acf":[],"yoast_head":"<!-- This site is optimized with the Yoast SEO plugin v22.4 - https:\/\/yoast.com\/wordpress\/plugins\/seo\/ -->\n<title>Zem\u00e1n Z\u00f3ra Zo\u00e9\u00f6ttusa - Szentkir\u00e1lyi Tehets\u00e9gprogram 2024<\/title>\n<meta name=\"robots\" content=\"index, follow, max-snippet:-1, max-image-preview:large, max-video-preview:-1\" \/>\n<link rel=\"canonical\" href=\"https:\/\/www.szentkiralyi.hu\/tehetsegek\/zeman-zora-zoeottusa\/\" \/>\n<meta property=\"og:locale\" content=\"hu_HU\" \/>\n<meta property=\"og:type\" content=\"article\" \/>\n<meta property=\"og:title\" content=\"Zem\u00e1n Z\u00f3ra Zo\u00e9\u00f6ttusa - Szentkir\u00e1lyi Tehets\u00e9gprogram 2024\" \/>\n<meta property=\"og:description\" content=\"A 2024. \u00e9vben c\u00e9lkit\u0171z\u00e9seim k\u00f6z\u00f6tt szerepel k\u00e9t koroszt\u00e1lyban is a v\u00e1logatott kerettags\u00e1got el\u00e9rni, mind U19, mind pedig JUNIOR koroszt\u00e1lyokban...\" \/>\n<meta property=\"og:url\" content=\"https:\/\/www.szentkiralyi.hu\/tehetsegek\/zeman-zora-zoeottusa\/\" \/>\n<meta property=\"og:site_name\" content=\"Szentkir\u00e1lyi Tehets\u00e9gprogram 2024\" \/>\n<meta property=\"article:publisher\" content=\"https:\/\/www.facebook.com\/Szentkiralyi.Asvanyviz\" \/>\n<meta property=\"article:published_time\" content=\"2024-08-31T07:05:53+00:00\" \/>\n<meta property=\"article:modified_time\" content=\"2024-09-02T05:46:22+00:00\" \/>\n<meta property=\"og:image\" content=\"https:\/\/www.szentkiralyi.hu\/tehetsegek\/wp-content\/uploads\/2024\/08\/DSC00360.jpg\" \/>\n\t<meta property=\"og:image:width\" content=\"600\" \/>\n\t<meta property=\"og:image:height\" content=\"900\" \/>\n\t<meta property=\"og:image:type\" content=\"image\/jpeg\" \/>\n<meta name=\"author\" content=\"tehetsegek\" \/>\n<meta name=\"twitter:card\" content=\"summary_large_image\" \/>\n<meta name=\"twitter:label1\" content=\"Szerz\u0151:\" \/>\n\t<meta name=\"twitter:data1\" content=\"tehetsegek\" \/>\n\t<meta name=\"twitter:label2\" content=\"Becs\u00fclt olvas\u00e1si id\u0151\" \/>\n\t<meta name=\"twitter:data2\" content=\"3 perc\" \/>\n<script type=\"application\/ld+json\" class=\"yoast-schema-graph\">{\"@context\":\"https:\/\/schema.org\",\"@graph\":[{\"@type\":\"Article\",\"@id\":\"https:\/\/www.szentkiralyi.hu\/tehetsegek\/zeman-zora-zoeottusa\/#article\",\"isPartOf\":{\"@id\":\"https:\/\/www.szentkiralyi.hu\/tehetsegek\/zeman-zora-zoeottusa\/\"},\"author\":{\"name\":\"tehetsegek\",\"@id\":\"https:\/\/www.szentkiralyi.hu\/tehetsegek\/#\/schema\/person\/5ef7bd66ef9925c6ca6872ec8f4c8243\"},\"headline\":\"Zem\u00e1n Z\u00f3ra Zo\u00e9\u00f6ttusa\",\"datePublished\":\"2024-08-31T07:05:53+00:00\",\"dateModified\":\"2024-09-02T05:46:22+00:00\",\"mainEntityOfPage\":{\"@id\":\"https:\/\/www.szentkiralyi.hu\/tehetsegek\/zeman-zora-zoeottusa\/\"},\"wordCount\":826,\"publisher\":{\"@id\":\"https:\/\/www.szentkiralyi.hu\/tehetsegek\/#organization\"},\"image\":{\"@id\":\"https:\/\/www.szentkiralyi.hu\/tehetsegek\/zeman-zora-zoeottusa\/#primaryimage\"},\"thumbnailUrl\":\"https:\/\/www.szentkiralyi.hu\/tehetsegek\/wp-content\/uploads\/2024\/08\/DSC00360.jpg\",\"articleSection\":[\"Tehets\u00e9geink 2024\"],\"inLanguage\":\"hu\"},{\"@type\":\"WebPage\",\"@id\":\"https:\/\/www.szentkiralyi.hu\/tehetsegek\/zeman-zora-zoeottusa\/\",\"url\":\"https:\/\/www.szentkiralyi.hu\/tehetsegek\/zeman-zora-zoeottusa\/\",\"name\":\"Zem\u00e1n Z\u00f3ra Zo\u00e9\u00f6ttusa - Szentkir\u00e1lyi Tehets\u00e9gprogram 2024\",\"isPartOf\":{\"@id\":\"https:\/\/www.szentkiralyi.hu\/tehetsegek\/#website\"},\"primaryImageOfPage\":{\"@id\":\"https:\/\/www.szentkiralyi.hu\/tehetsegek\/zeman-zora-zoeottusa\/#primaryimage\"},\"image\":{\"@id\":\"https:\/\/www.szentkiralyi.hu\/tehetsegek\/zeman-zora-zoeottusa\/#primaryimage\"},\"thumbnailUrl\":\"https:\/\/www.szentkiralyi.hu\/tehetsegek\/wp-content\/uploads\/2024\/08\/DSC00360.jpg\",\"datePublished\":\"2024-08-31T07:05:53+00:00\",\"dateModified\":\"2024-09-02T05:46:22+00:00\",\"breadcrumb\":{\"@id\":\"https:\/\/www.szentkiralyi.hu\/tehetsegek\/zeman-zora-zoeottusa\/#breadcrumb\"},\"inLanguage\":\"hu\",\"potentialAction\":[{\"@type\":\"ReadAction\",\"target\":[\"https:\/\/www.szentkiralyi.hu\/tehetsegek\/zeman-zora-zoeottusa\/\"]}]},{\"@type\":\"ImageObject\",\"inLanguage\":\"hu\",\"@id\":\"https:\/\/www.szentkiralyi.hu\/tehetsegek\/zeman-zora-zoeottusa\/#primaryimage\",\"url\":\"https:\/\/www.szentkiralyi.hu\/tehetsegek\/wp-content\/uploads\/2024\/08\/DSC00360.jpg\",\"contentUrl\":\"https:\/\/www.szentkiralyi.hu\/tehetsegek\/wp-content\/uploads\/2024\/08\/DSC00360.jpg\",\"width\":600,\"height\":900},{\"@type\":\"BreadcrumbList\",\"@id\":\"https:\/\/www.szentkiralyi.hu\/tehetsegek\/zeman-zora-zoeottusa\/#breadcrumb\",\"itemListElement\":[{\"@type\":\"ListItem\",\"position\":1,\"name\":\"Kezd\u0151lap\",\"item\":\"https:\/\/www.szentkiralyi.hu\/tehetsegek\/\"},{\"@type\":\"ListItem\",\"position\":2,\"name\":\"Zem\u00e1n Z\u00f3ra Zo\u00e9\u00f6ttusa\"}]},{\"@type\":\"WebSite\",\"@id\":\"https:\/\/www.szentkiralyi.hu\/tehetsegek\/#website\",\"url\":\"https:\/\/www.szentkiralyi.hu\/tehetsegek\/\",\"name\":\"Szentkir\u00e1lyi Tehets\u00e9gprogram 2024\",\"description\":\"\",\"publisher\":{\"@id\":\"https:\/\/www.szentkiralyi.hu\/tehetsegek\/#organization\"},\"potentialAction\":[{\"@type\":\"SearchAction\",\"target\":{\"@type\":\"EntryPoint\",\"urlTemplate\":\"https:\/\/www.szentkiralyi.hu\/tehetsegek\/?s={search_term_string}\"},\"query-input\":\"required name=search_term_string\"}],\"inLanguage\":\"hu\"},{\"@type\":\"Organization\",\"@id\":\"https:\/\/www.szentkiralyi.hu\/tehetsegek\/#organization\",\"name\":\"Szentkir\u00e1lyi Tehets\u00e9gprogram 2024\",\"url\":\"https:\/\/www.szentkiralyi.hu\/tehetsegek\/\",\"logo\":{\"@type\":\"ImageObject\",\"inLanguage\":\"hu\",\"@id\":\"https:\/\/www.szentkiralyi.hu\/tehetsegek\/#\/schema\/logo\/image\/\",\"url\":\"https:\/\/www.szentkiralyi.hu\/tehetsegek\/wp-content\/uploads\/2024\/04\/szklogo.png\",\"contentUrl\":\"https:\/\/www.szentkiralyi.hu\/tehetsegek\/wp-content\/uploads\/2024\/04\/szklogo.png\",\"width\":1015,\"height\":647,\"caption\":\"Szentkir\u00e1lyi Tehets\u00e9gprogram 2024\"},\"image\":{\"@id\":\"https:\/\/www.szentkiralyi.hu\/tehetsegek\/#\/schema\/logo\/image\/\"},\"sameAs\":[\"https:\/\/www.facebook.com\/Szentkiralyi.Asvanyviz\",\"https:\/\/www.instagram.com\/szentkiralyi_asvanyviz\/\"]},{\"@type\":\"Person\",\"@id\":\"https:\/\/www.szentkiralyi.hu\/tehetsegek\/#\/schema\/person\/5ef7bd66ef9925c6ca6872ec8f4c8243\",\"name\":\"tehetsegek\",\"image\":{\"@type\":\"ImageObject\",\"inLanguage\":\"hu\",\"@id\":\"https:\/\/www.szentkiralyi.hu\/tehetsegek\/#\/schema\/person\/image\/\",\"url\":\"https:\/\/secure.gravatar.com\/avatar\/de5e40fd6a9f4ec1f00674644d9ab02572dd1c9f7505bbe89f3d786383b33ef4?s=96&d=mm&r=g\",\"contentUrl\":\"https:\/\/secure.gravatar.com\/avatar\/de5e40fd6a9f4ec1f00674644d9ab02572dd1c9f7505bbe89f3d786383b33ef4?s=96&d=mm&r=g\",\"caption\":\"tehetsegek\"},\"sameAs\":[\"https:\/\/www.szentkiralyi.hu\/tehetsegek\"],\"url\":\"https:\/\/www.szentkiralyi.hu\/tehetsegek\/author\/tehetsegek\/\"}]}<\/script>\n<!-- \/ Yoast SEO plugin. -->","yoast_head_json":{"title":"Zem\u00e1n Z\u00f3ra Zo\u00e9\u00f6ttusa - Szentkir\u00e1lyi Tehets\u00e9gprogram 2024","robots":{"index":"index","follow":"follow","max-snippet":"max-snippet:-1","max-image-preview":"max-image-preview:large","max-video-preview":"max-video-preview:-1"},"canonical":"https:\/\/www.szentkiralyi.hu\/tehetsegek\/zeman-zora-zoeottusa\/","og_locale":"hu_HU","og_type":"article","og_title":"Zem\u00e1n Z\u00f3ra Zo\u00e9\u00f6ttusa - Szentkir\u00e1lyi Tehets\u00e9gprogram 2024","og_description":"A 2024. \u00e9vben c\u00e9lkit\u0171z\u00e9seim k\u00f6z\u00f6tt szerepel k\u00e9t koroszt\u00e1lyban is a v\u00e1logatott kerettags\u00e1got el\u00e9rni, mind U19, mind pedig JUNIOR koroszt\u00e1lyokban...","og_url":"https:\/\/www.szentkiralyi.hu\/tehetsegek\/zeman-zora-zoeottusa\/","og_site_name":"Szentkir\u00e1lyi Tehets\u00e9gprogram 2024","article_publisher":"https:\/\/www.facebook.com\/Szentkiralyi.Asvanyviz","article_published_time":"2024-08-31T07:05:53+00:00","article_modified_time":"2024-09-02T05:46:22+00:00","og_image":[{"width":600,"height":900,"url":"https:\/\/www.szentkiralyi.hu\/tehetsegek\/wp-content\/uploads\/2024\/08\/DSC00360.jpg","type":"image\/jpeg"}],"author":"tehetsegek","twitter_card":"summary_large_image","twitter_misc":{"Szerz\u0151:":"tehetsegek","Becs\u00fclt olvas\u00e1si id\u0151":"3 perc"},"schema":{"@context":"https:\/\/schema.org","@graph":[{"@type":"Article","@id":"https:\/\/www.szentkiralyi.hu\/tehetsegek\/zeman-zora-zoeottusa\/#article","isPartOf":{"@id":"https:\/\/www.szentkiralyi.hu\/tehetsegek\/zeman-zora-zoeottusa\/"},"author":{"name":"tehetsegek","@id":"https:\/\/www.szentkiralyi.hu\/tehetsegek\/#\/schema\/person\/5ef7bd66ef9925c6ca6872ec8f4c8243"},"headline":"Zem\u00e1n Z\u00f3ra Zo\u00e9\u00f6ttusa","datePublished":"2024-08-31T07:05:53+00:00","dateModified":"2024-09-02T05:46:22+00:00","mainEntityOfPage":{"@id":"https:\/\/www.szentkiralyi.hu\/tehetsegek\/zeman-zora-zoeottusa\/"},"wordCount":826,"publisher":{"@id":"https:\/\/www.szentkiralyi.hu\/tehetsegek\/#organization"},"image":{"@id":"https:\/\/www.szentkiralyi.hu\/tehetsegek\/zeman-zora-zoeottusa\/#primaryimage"},"thumbnailUrl":"https:\/\/www.szentkiralyi.hu\/tehetsegek\/wp-content\/uploads\/2024\/08\/DSC00360.jpg","articleSection":["Tehets\u00e9geink 2024"],"inLanguage":"hu"},{"@type":"WebPage","@id":"https:\/\/www.szentkiralyi.hu\/tehetsegek\/zeman-zora-zoeottusa\/","url":"https:\/\/www.szentkiralyi.hu\/tehetsegek\/zeman-zora-zoeottusa\/","name":"Zem\u00e1n Z\u00f3ra Zo\u00e9\u00f6ttusa - Szentkir\u00e1lyi Tehets\u00e9gprogram 2024","isPartOf":{"@id":"https:\/\/www.szentkiralyi.hu\/tehetsegek\/#website"},"primaryImageOfPage":{"@id":"https:\/\/www.szentkiralyi.hu\/tehetsegek\/zeman-zora-zoeottusa\/#primaryimage"},"image":{"@id":"https:\/\/www.szentkiralyi.hu\/tehetsegek\/zeman-zora-zoeottusa\/#primaryimage"},"thumbnailUrl":"https:\/\/www.szentkiralyi.hu\/tehetsegek\/wp-content\/uploads\/2024\/08\/DSC00360.jpg","datePublished":"2024-08-31T07:05:53+00:00","dateModified":"2024-09-02T05:46:22+00:00","breadcrumb":{"@id":"https:\/\/www.szentkiralyi.hu\/tehetsegek\/zeman-zora-zoeottusa\/#breadcrumb"},"inLanguage":"hu","potentialAction":[{"@type":"ReadAction","target":["https:\/\/www.szentkiralyi.hu\/tehetsegek\/zeman-zora-zoeottusa\/"]}]},{"@type":"ImageObject","inLanguage":"hu","@id":"https:\/\/www.szentkiralyi.hu\/tehetsegek\/zeman-zora-zoeottusa\/#primaryimage","url":"https:\/\/www.szentkiralyi.hu\/tehetsegek\/wp-content\/uploads\/2024\/08\/DSC00360.jpg","contentUrl":"https:\/\/www.szentkiralyi.hu\/tehetsegek\/wp-content\/uploads\/2024\/08\/DSC00360.jpg","width":600,"height":900},{"@type":"BreadcrumbList","@id":"https:\/\/www.szentkiralyi.hu\/tehetsegek\/zeman-zora-zoeottusa\/#breadcrumb","itemListElement":[{"@type":"ListItem","position":1,"name":"Kezd\u0151lap","item":"https:\/\/www.szentkiralyi.hu\/tehetsegek\/"},{"@type":"ListItem","position":2,"name":"Zem\u00e1n Z\u00f3ra Zo\u00e9\u00f6ttusa"}]},{"@type":"WebSite","@id":"https:\/\/www.szentkiralyi.hu\/tehetsegek\/#website","url":"https:\/\/www.szentkiralyi.hu\/tehetsegek\/","name":"Szentkir\u00e1lyi Tehets\u00e9gprogram 2024","description":"","publisher":{"@id":"https:\/\/www.szentkiralyi.hu\/tehetsegek\/#organization"},"potentialAction":[{"@type":"SearchAction","target":{"@type":"EntryPoint","urlTemplate":"https:\/\/www.szentkiralyi.hu\/tehetsegek\/?s={search_term_string}"},"query-input":"required name=search_term_string"}],"inLanguage":"hu"},{"@type":"Organization","@id":"https:\/\/www.szentkiralyi.hu\/tehetsegek\/#organization","name":"Szentkir\u00e1lyi Tehets\u00e9gprogram 2024","url":"https:\/\/www.szentkiralyi.hu\/tehetsegek\/","logo":{"@type":"ImageObject","inLanguage":"hu","@id":"https:\/\/www.szentkiralyi.hu\/tehetsegek\/#\/schema\/logo\/image\/","url":"https:\/\/www.szentkiralyi.hu\/tehetsegek\/wp-content\/uploads\/2024\/04\/szklogo.png","contentUrl":"https:\/\/www.szentkiralyi.hu\/tehetsegek\/wp-content\/uploads\/2024\/04\/szklogo.png","width":1015,"height":647,"caption":"Szentkir\u00e1lyi Tehets\u00e9gprogram 2024"},"image":{"@id":"https:\/\/www.szentkiralyi.hu\/tehetsegek\/#\/schema\/logo\/image\/"},"sameAs":["https:\/\/www.facebook.com\/Szentkiralyi.Asvanyviz","https:\/\/www.instagram.com\/szentkiralyi_asvanyviz\/"]},{"@type":"Person","@id":"https:\/\/www.szentkiralyi.hu\/tehetsegek\/#\/schema\/person\/5ef7bd66ef9925c6ca6872ec8f4c8243","name":"tehetsegek","image":{"@type":"ImageObject","inLanguage":"hu","@id":"https:\/\/www.szentkiralyi.hu\/tehetsegek\/#\/schema\/person\/image\/","url":"https:\/\/secure.gravatar.com\/avatar\/de5e40fd6a9f4ec1f00674644d9ab02572dd1c9f7505bbe89f3d786383b33ef4?s=96&d=mm&r=g","contentUrl":"https:\/\/secure.gravatar.com\/avatar\/de5e40fd6a9f4ec1f00674644d9ab02572dd1c9f7505bbe89f3d786383b33ef4?s=96&d=mm&r=g","caption":"tehetsegek"},"sameAs":["https:\/\/www.szentkiralyi.hu\/tehetsegek"],"url":"https:\/\/www.szentkiralyi.hu\/tehetsegek\/author\/tehetsegek\/"}]}},"_links":{"self":[{"href":"https:\/\/www.szentkiralyi.hu\/tehetsegek\/wp-json\/wp\/v2\/posts\/996","targetHints":{"allow":["GET"]}}],"collection":[{"href":"https:\/\/www.szentkiralyi.hu\/tehetsegek\/wp-json\/wp\/v2\/posts"}],"about":[{"href":"https:\/\/www.szentkiralyi.hu\/tehetsegek\/wp-json\/wp\/v2\/types\/post"}],"author":[{"embeddable":true,"href":"https:\/\/www.szentkiralyi.hu\/tehetsegek\/wp-json\/wp\/v2\/users\/1"}],"replies":[{"embeddable":true,"href":"https:\/\/www.szentkiralyi.hu\/tehetsegek\/wp-json\/wp\/v2\/comments?post=996"}],"version-history":[{"count":3,"href":"https:\/\/www.szentkiralyi.hu\/tehetsegek\/wp-json\/wp\/v2\/posts\/996\/revisions"}],"predecessor-version":[{"id":1016,"href":"https:\/\/www.szentkiralyi.hu\/tehetsegek\/wp-json\/wp\/v2\/posts\/996\/revisions\/1016"}],"wp:featuredmedia":[{"embeddable":true,"href":"https:\/\/www.szentkiralyi.hu\/tehetsegek\/wp-json\/wp\/v2\/media\/1008"}],"wp:attachment":[{"href":"https:\/\/www.szentkiralyi.hu\/tehetsegek\/wp-json\/wp\/v2\/media?parent=996"}],"wp:term":[{"taxonomy":"category","embeddable":true,"href":"https:\/\/www.szentkiralyi.hu\/tehetsegek\/wp-json\/wp\/v2\/categories?post=996"},{"taxonomy":"post_tag","embeddable":true,"href":"https:\/\/www.szentkiralyi.hu\/tehetsegek\/wp-json\/wp\/v2\/tags?post=996"}],"curies":[{"name":"wp","href":"https:\/\/api.w.org\/{rel}","templated":true}]}}