{"id":207,"date":"2024-04-08T12:28:18","date_gmt":"2024-04-08T10:28:18","guid":{"rendered":"https:\/\/www.szentkiralyi.hu\/tehetsegek\/?p=207"},"modified":"2024-04-11T01:07:59","modified_gmt":"2024-04-10T23:07:59","slug":"balogh-leventeszentkiralyi-magyarorszag-alapitoja","status":"publish","type":"post","link":"https:\/\/www.szentkiralyi.hu\/tehetsegek\/balogh-leventeszentkiralyi-magyarorszag-alapitoja\/","title":{"rendered":"<b>Balogh Levente<\/b>Szentkir\u00e1lyi Magyarorsz\u00e1g alap\u00edt\u00f3ja"},"content":{"rendered":"<div class=\"wpb-content-wrapper\">[vc_row][vc_column][vc_column_text css=&#8221;.vc_custom_1712652066897{padding-top: 35px !important;padding-bottom: 35px !important;}&#8221;]\r\n<h3>Zs\u0171ri<\/h3>\r\n[\/vc_column_text][\/vc_column][\/vc_row][vc_row full_height=&#8221;yes&#8221; columns_placement=&#8221;top&#8221;][vc_column width=&#8221;4\/12&#8243;][vc_single_image source=&#8221;featured_image&#8221; img_size=&#8221;700&#215;1200&#8243;][\/vc_column][vc_column width=&#8221;8\/12&#8243; el_class=&#8221;tartalomtartzalom&#8221;][vc_custom_heading source=&#8221;post_title&#8221; font_container=&#8221;tag:h3|text_align:left&#8221; use_theme_fonts=&#8221;yes&#8221;][vc_column_text css=&#8221;.vc_custom_1712652042571{padding-top: 35px !important;padding-bottom: 35px !important;}&#8221;]A Szentkir\u00e1lyi Magyarorsz\u00e1g alap\u00edt\u00f3ja, amely vezet\u00e9se alatt csal\u00e1di v\u00e1llalkoz\u00e1sb\u00f3l haz\u00e1nk egyik legjelent\u0151sebb \u00e9lelmiszeripari v\u00e1llalat\u00e1v\u00e1 n\u0151tte ki mag\u00e1t. Az \u00fczletember dzs\u00fad\u00f3s m\u00faltja jelent\u0151sen hozz\u00e1j\u00e1rult az \u00fczleti \u00e9letben el\u00e9rt sikereihez, a sport pedig az\u00f3ta is szerves r\u00e9sze mindennapjainak. A Szentkir\u00e1lyi r\u00e9v\u00e9n hossz\u00fa \u00e9vek \u00f3ta akt\u00edvan t\u00e1mogatja a felt\u00f6rekv\u0151, ut\u00e1np\u00f3tl\u00e1skor\u00fa fiatalokat, akik a j\u00f6v\u0151 bajnokaik\u00e9nt gyarap\u00edtj\u00e1k a hazai sportsikereket.[\/vc_column_text][\/vc_column][\/vc_row][vc_row][vc_column][vc_column_text]\r\n\r\n[\/vc_column_text][\/vc_column][\/vc_row]<\/div>","protected":false},"excerpt":{"rendered":"<p>A Szentkir\u00e1lyi Magyarorsz\u00e1g alap\u00edt\u00f3ja, amely vezet\u00e9se alatt csal\u00e1di v\u00e1llalkoz\u00e1sb\u00f3l haz\u00e1nk egyik legjelent\u0151sebb \u00e9lelmiszeripari v<\/p>\n","protected":false},"author":1,"featured_media":208,"comment_status":"closed","ping_status":"closed","sticky":false,"template":"","format":"standard","meta":{"_acf_changed":false,"footnotes":""},"categories":[4],"tags":[],"class_list":["post-207","post","type-post","status-publish","format-standard","has-post-thumbnail","hentry","category-zsuri"],"acf":[],"yoast_head":"<!-- This site is optimized with the Yoast SEO plugin v22.4 - https:\/\/yoast.com\/wordpress\/plugins\/seo\/ -->\n<title>Balogh LeventeSzentkir\u00e1lyi Magyarorsz\u00e1g alap\u00edt\u00f3ja - Szentkir\u00e1lyi Tehets\u00e9gprogram 2024<\/title>\n<meta name=\"robots\" content=\"index, follow, max-snippet:-1, max-image-preview:large, max-video-preview:-1\" \/>\n<link rel=\"canonical\" href=\"https:\/\/www.szentkiralyi.hu\/tehetsegek\/balogh-leventeszentkiralyi-magyarorszag-alapitoja\/\" \/>\n<meta property=\"og:locale\" content=\"hu_HU\" \/>\n<meta property=\"og:type\" content=\"article\" \/>\n<meta property=\"og:title\" content=\"Balogh LeventeSzentkir\u00e1lyi Magyarorsz\u00e1g alap\u00edt\u00f3ja - Szentkir\u00e1lyi Tehets\u00e9gprogram 2024\" \/>\n<meta property=\"og:description\" content=\"A Szentkir\u00e1lyi Magyarorsz\u00e1g alap\u00edt\u00f3ja, amely vezet\u00e9se alatt csal\u00e1di v\u00e1llalkoz\u00e1sb\u00f3l haz\u00e1nk egyik legjelent\u0151sebb \u00e9lelmiszeripari v\" \/>\n<meta property=\"og:url\" content=\"https:\/\/www.szentkiralyi.hu\/tehetsegek\/balogh-leventeszentkiralyi-magyarorszag-alapitoja\/\" \/>\n<meta property=\"og:site_name\" content=\"Szentkir\u00e1lyi Tehets\u00e9gprogram 2024\" \/>\n<meta property=\"article:publisher\" content=\"https:\/\/www.facebook.com\/Szentkiralyi.Asvanyviz\" \/>\n<meta property=\"article:published_time\" content=\"2024-04-08T10:28:18+00:00\" \/>\n<meta property=\"article:modified_time\" content=\"2024-04-10T23:07:59+00:00\" \/>\n<meta property=\"og:image\" content=\"https:\/\/www.szentkiralyi.hu\/tehetsegek\/wp-content\/uploads\/2024\/04\/balogh-levente-scaled-1707x1707-1.jpg\" \/>\n\t<meta property=\"og:image:width\" content=\"1707\" \/>\n\t<meta property=\"og:image:height\" content=\"1707\" \/>\n\t<meta property=\"og:image:type\" content=\"image\/jpeg\" \/>\n<meta name=\"author\" content=\"tehetsegek\" \/>\n<meta name=\"twitter:card\" content=\"summary_large_image\" \/>\n<meta name=\"twitter:label1\" content=\"Szerz\u0151:\" \/>\n\t<meta name=\"twitter:data1\" content=\"tehetsegek\" \/>\n\t<meta name=\"twitter:label2\" content=\"Becs\u00fclt olvas\u00e1si id\u0151\" \/>\n\t<meta name=\"twitter:data2\" content=\"1 perc\" \/>\n<script type=\"application\/ld+json\" class=\"yoast-schema-graph\">{\"@context\":\"https:\/\/schema.org\",\"@graph\":[{\"@type\":\"Article\",\"@id\":\"https:\/\/www.szentkiralyi.hu\/tehetsegek\/balogh-leventeszentkiralyi-magyarorszag-alapitoja\/#article\",\"isPartOf\":{\"@id\":\"https:\/\/www.szentkiralyi.hu\/tehetsegek\/balogh-leventeszentkiralyi-magyarorszag-alapitoja\/\"},\"author\":{\"name\":\"tehetsegek\",\"@id\":\"https:\/\/www.szentkiralyi.hu\/tehetsegek\/#\/schema\/person\/5ef7bd66ef9925c6ca6872ec8f4c8243\"},\"headline\":\"Balogh LeventeSzentkir\u00e1lyi Magyarorsz\u00e1g alap\u00edt\u00f3ja\",\"datePublished\":\"2024-04-08T10:28:18+00:00\",\"dateModified\":\"2024-04-10T23:07:59+00:00\",\"mainEntityOfPage\":{\"@id\":\"https:\/\/www.szentkiralyi.hu\/tehetsegek\/balogh-leventeszentkiralyi-magyarorszag-alapitoja\/\"},\"wordCount\":204,\"publisher\":{\"@id\":\"https:\/\/www.szentkiralyi.hu\/tehetsegek\/#organization\"},\"image\":{\"@id\":\"https:\/\/www.szentkiralyi.hu\/tehetsegek\/balogh-leventeszentkiralyi-magyarorszag-alapitoja\/#primaryimage\"},\"thumbnailUrl\":\"https:\/\/www.szentkiralyi.hu\/tehetsegek\/wp-content\/uploads\/2024\/04\/balogh-levente-scaled-1707x1707-1.jpg\",\"articleSection\":[\"Zsuri\"],\"inLanguage\":\"hu\"},{\"@type\":\"WebPage\",\"@id\":\"https:\/\/www.szentkiralyi.hu\/tehetsegek\/balogh-leventeszentkiralyi-magyarorszag-alapitoja\/\",\"url\":\"https:\/\/www.szentkiralyi.hu\/tehetsegek\/balogh-leventeszentkiralyi-magyarorszag-alapitoja\/\",\"name\":\"Balogh LeventeSzentkir\u00e1lyi Magyarorsz\u00e1g alap\u00edt\u00f3ja - Szentkir\u00e1lyi Tehets\u00e9gprogram 2024\",\"isPartOf\":{\"@id\":\"https:\/\/www.szentkiralyi.hu\/tehetsegek\/#website\"},\"primaryImageOfPage\":{\"@id\":\"https:\/\/www.szentkiralyi.hu\/tehetsegek\/balogh-leventeszentkiralyi-magyarorszag-alapitoja\/#primaryimage\"},\"image\":{\"@id\":\"https:\/\/www.szentkiralyi.hu\/tehetsegek\/balogh-leventeszentkiralyi-magyarorszag-alapitoja\/#primaryimage\"},\"thumbnailUrl\":\"https:\/\/www.szentkiralyi.hu\/tehetsegek\/wp-content\/uploads\/2024\/04\/balogh-levente-scaled-1707x1707-1.jpg\",\"datePublished\":\"2024-04-08T10:28:18+00:00\",\"dateModified\":\"2024-04-10T23:07:59+00:00\",\"breadcrumb\":{\"@id\":\"https:\/\/www.szentkiralyi.hu\/tehetsegek\/balogh-leventeszentkiralyi-magyarorszag-alapitoja\/#breadcrumb\"},\"inLanguage\":\"hu\",\"potentialAction\":[{\"@type\":\"ReadAction\",\"target\":[\"https:\/\/www.szentkiralyi.hu\/tehetsegek\/balogh-leventeszentkiralyi-magyarorszag-alapitoja\/\"]}]},{\"@type\":\"ImageObject\",\"inLanguage\":\"hu\",\"@id\":\"https:\/\/www.szentkiralyi.hu\/tehetsegek\/balogh-leventeszentkiralyi-magyarorszag-alapitoja\/#primaryimage\",\"url\":\"https:\/\/www.szentkiralyi.hu\/tehetsegek\/wp-content\/uploads\/2024\/04\/balogh-levente-scaled-1707x1707-1.jpg\",\"contentUrl\":\"https:\/\/www.szentkiralyi.hu\/tehetsegek\/wp-content\/uploads\/2024\/04\/balogh-levente-scaled-1707x1707-1.jpg\",\"width\":1707,\"height\":1707},{\"@type\":\"BreadcrumbList\",\"@id\":\"https:\/\/www.szentkiralyi.hu\/tehetsegek\/balogh-leventeszentkiralyi-magyarorszag-alapitoja\/#breadcrumb\",\"itemListElement\":[{\"@type\":\"ListItem\",\"position\":1,\"name\":\"Kezd\u0151lap\",\"item\":\"https:\/\/www.szentkiralyi.hu\/tehetsegek\/\"},{\"@type\":\"ListItem\",\"position\":2,\"name\":\"Balogh LeventeSzentkir\u00e1lyi Magyarorsz\u00e1g alap\u00edt\u00f3ja\"}]},{\"@type\":\"WebSite\",\"@id\":\"https:\/\/www.szentkiralyi.hu\/tehetsegek\/#website\",\"url\":\"https:\/\/www.szentkiralyi.hu\/tehetsegek\/\",\"name\":\"Szentkir\u00e1lyi Tehets\u00e9gprogram 2024\",\"description\":\"\",\"publisher\":{\"@id\":\"https:\/\/www.szentkiralyi.hu\/tehetsegek\/#organization\"},\"potentialAction\":[{\"@type\":\"SearchAction\",\"target\":{\"@type\":\"EntryPoint\",\"urlTemplate\":\"https:\/\/www.szentkiralyi.hu\/tehetsegek\/?s={search_term_string}\"},\"query-input\":\"required name=search_term_string\"}],\"inLanguage\":\"hu\"},{\"@type\":\"Organization\",\"@id\":\"https:\/\/www.szentkiralyi.hu\/tehetsegek\/#organization\",\"name\":\"Szentkir\u00e1lyi Tehets\u00e9gprogram 2024\",\"url\":\"https:\/\/www.szentkiralyi.hu\/tehetsegek\/\",\"logo\":{\"@type\":\"ImageObject\",\"inLanguage\":\"hu\",\"@id\":\"https:\/\/www.szentkiralyi.hu\/tehetsegek\/#\/schema\/logo\/image\/\",\"url\":\"https:\/\/www.szentkiralyi.hu\/tehetsegek\/wp-content\/uploads\/2024\/04\/szklogo.png\",\"contentUrl\":\"https:\/\/www.szentkiralyi.hu\/tehetsegek\/wp-content\/uploads\/2024\/04\/szklogo.png\",\"width\":1015,\"height\":647,\"caption\":\"Szentkir\u00e1lyi Tehets\u00e9gprogram 2024\"},\"image\":{\"@id\":\"https:\/\/www.szentkiralyi.hu\/tehetsegek\/#\/schema\/logo\/image\/\"},\"sameAs\":[\"https:\/\/www.facebook.com\/Szentkiralyi.Asvanyviz\",\"https:\/\/www.instagram.com\/szentkiralyi_asvanyviz\/\"]},{\"@type\":\"Person\",\"@id\":\"https:\/\/www.szentkiralyi.hu\/tehetsegek\/#\/schema\/person\/5ef7bd66ef9925c6ca6872ec8f4c8243\",\"name\":\"tehetsegek\",\"image\":{\"@type\":\"ImageObject\",\"inLanguage\":\"hu\",\"@id\":\"https:\/\/www.szentkiralyi.hu\/tehetsegek\/#\/schema\/person\/image\/\",\"url\":\"https:\/\/secure.gravatar.com\/avatar\/de5e40fd6a9f4ec1f00674644d9ab02572dd1c9f7505bbe89f3d786383b33ef4?s=96&d=mm&r=g\",\"contentUrl\":\"https:\/\/secure.gravatar.com\/avatar\/de5e40fd6a9f4ec1f00674644d9ab02572dd1c9f7505bbe89f3d786383b33ef4?s=96&d=mm&r=g\",\"caption\":\"tehetsegek\"},\"sameAs\":[\"https:\/\/www.szentkiralyi.hu\/tehetsegek\"],\"url\":\"https:\/\/www.szentkiralyi.hu\/tehetsegek\/author\/tehetsegek\/\"}]}<\/script>\n<!-- \/ Yoast SEO plugin. -->","yoast_head_json":{"title":"Balogh LeventeSzentkir\u00e1lyi Magyarorsz\u00e1g alap\u00edt\u00f3ja - Szentkir\u00e1lyi Tehets\u00e9gprogram 2024","robots":{"index":"index","follow":"follow","max-snippet":"max-snippet:-1","max-image-preview":"max-image-preview:large","max-video-preview":"max-video-preview:-1"},"canonical":"https:\/\/www.szentkiralyi.hu\/tehetsegek\/balogh-leventeszentkiralyi-magyarorszag-alapitoja\/","og_locale":"hu_HU","og_type":"article","og_title":"Balogh LeventeSzentkir\u00e1lyi Magyarorsz\u00e1g alap\u00edt\u00f3ja - Szentkir\u00e1lyi Tehets\u00e9gprogram 2024","og_description":"A Szentkir\u00e1lyi Magyarorsz\u00e1g alap\u00edt\u00f3ja, amely vezet\u00e9se alatt csal\u00e1di v\u00e1llalkoz\u00e1sb\u00f3l haz\u00e1nk egyik legjelent\u0151sebb \u00e9lelmiszeripari v","og_url":"https:\/\/www.szentkiralyi.hu\/tehetsegek\/balogh-leventeszentkiralyi-magyarorszag-alapitoja\/","og_site_name":"Szentkir\u00e1lyi Tehets\u00e9gprogram 2024","article_publisher":"https:\/\/www.facebook.com\/Szentkiralyi.Asvanyviz","article_published_time":"2024-04-08T10:28:18+00:00","article_modified_time":"2024-04-10T23:07:59+00:00","og_image":[{"width":1707,"height":1707,"url":"https:\/\/www.szentkiralyi.hu\/tehetsegek\/wp-content\/uploads\/2024\/04\/balogh-levente-scaled-1707x1707-1.jpg","type":"image\/jpeg"}],"author":"tehetsegek","twitter_card":"summary_large_image","twitter_misc":{"Szerz\u0151:":"tehetsegek","Becs\u00fclt olvas\u00e1si id\u0151":"1 perc"},"schema":{"@context":"https:\/\/schema.org","@graph":[{"@type":"Article","@id":"https:\/\/www.szentkiralyi.hu\/tehetsegek\/balogh-leventeszentkiralyi-magyarorszag-alapitoja\/#article","isPartOf":{"@id":"https:\/\/www.szentkiralyi.hu\/tehetsegek\/balogh-leventeszentkiralyi-magyarorszag-alapitoja\/"},"author":{"name":"tehetsegek","@id":"https:\/\/www.szentkiralyi.hu\/tehetsegek\/#\/schema\/person\/5ef7bd66ef9925c6ca6872ec8f4c8243"},"headline":"Balogh LeventeSzentkir\u00e1lyi Magyarorsz\u00e1g alap\u00edt\u00f3ja","datePublished":"2024-04-08T10:28:18+00:00","dateModified":"2024-04-10T23:07:59+00:00","mainEntityOfPage":{"@id":"https:\/\/www.szentkiralyi.hu\/tehetsegek\/balogh-leventeszentkiralyi-magyarorszag-alapitoja\/"},"wordCount":204,"publisher":{"@id":"https:\/\/www.szentkiralyi.hu\/tehetsegek\/#organization"},"image":{"@id":"https:\/\/www.szentkiralyi.hu\/tehetsegek\/balogh-leventeszentkiralyi-magyarorszag-alapitoja\/#primaryimage"},"thumbnailUrl":"https:\/\/www.szentkiralyi.hu\/tehetsegek\/wp-content\/uploads\/2024\/04\/balogh-levente-scaled-1707x1707-1.jpg","articleSection":["Zsuri"],"inLanguage":"hu"},{"@type":"WebPage","@id":"https:\/\/www.szentkiralyi.hu\/tehetsegek\/balogh-leventeszentkiralyi-magyarorszag-alapitoja\/","url":"https:\/\/www.szentkiralyi.hu\/tehetsegek\/balogh-leventeszentkiralyi-magyarorszag-alapitoja\/","name":"Balogh LeventeSzentkir\u00e1lyi Magyarorsz\u00e1g alap\u00edt\u00f3ja - Szentkir\u00e1lyi Tehets\u00e9gprogram 2024","isPartOf":{"@id":"https:\/\/www.szentkiralyi.hu\/tehetsegek\/#website"},"primaryImageOfPage":{"@id":"https:\/\/www.szentkiralyi.hu\/tehetsegek\/balogh-leventeszentkiralyi-magyarorszag-alapitoja\/#primaryimage"},"image":{"@id":"https:\/\/www.szentkiralyi.hu\/tehetsegek\/balogh-leventeszentkiralyi-magyarorszag-alapitoja\/#primaryimage"},"thumbnailUrl":"https:\/\/www.szentkiralyi.hu\/tehetsegek\/wp-content\/uploads\/2024\/04\/balogh-levente-scaled-1707x1707-1.jpg","datePublished":"2024-04-08T10:28:18+00:00","dateModified":"2024-04-10T23:07:59+00:00","breadcrumb":{"@id":"https:\/\/www.szentkiralyi.hu\/tehetsegek\/balogh-leventeszentkiralyi-magyarorszag-alapitoja\/#breadcrumb"},"inLanguage":"hu","potentialAction":[{"@type":"ReadAction","target":["https:\/\/www.szentkiralyi.hu\/tehetsegek\/balogh-leventeszentkiralyi-magyarorszag-alapitoja\/"]}]},{"@type":"ImageObject","inLanguage":"hu","@id":"https:\/\/www.szentkiralyi.hu\/tehetsegek\/balogh-leventeszentkiralyi-magyarorszag-alapitoja\/#primaryimage","url":"https:\/\/www.szentkiralyi.hu\/tehetsegek\/wp-content\/uploads\/2024\/04\/balogh-levente-scaled-1707x1707-1.jpg","contentUrl":"https:\/\/www.szentkiralyi.hu\/tehetsegek\/wp-content\/uploads\/2024\/04\/balogh-levente-scaled-1707x1707-1.jpg","width":1707,"height":1707},{"@type":"BreadcrumbList","@id":"https:\/\/www.szentkiralyi.hu\/tehetsegek\/balogh-leventeszentkiralyi-magyarorszag-alapitoja\/#breadcrumb","itemListElement":[{"@type":"ListItem","position":1,"name":"Kezd\u0151lap","item":"https:\/\/www.szentkiralyi.hu\/tehetsegek\/"},{"@type":"ListItem","position":2,"name":"Balogh LeventeSzentkir\u00e1lyi Magyarorsz\u00e1g alap\u00edt\u00f3ja"}]},{"@type":"WebSite","@id":"https:\/\/www.szentkiralyi.hu\/tehetsegek\/#website","url":"https:\/\/www.szentkiralyi.hu\/tehetsegek\/","name":"Szentkir\u00e1lyi Tehets\u00e9gprogram 2024","description":"","publisher":{"@id":"https:\/\/www.szentkiralyi.hu\/tehetsegek\/#organization"},"potentialAction":[{"@type":"SearchAction","target":{"@type":"EntryPoint","urlTemplate":"https:\/\/www.szentkiralyi.hu\/tehetsegek\/?s={search_term_string}"},"query-input":"required name=search_term_string"}],"inLanguage":"hu"},{"@type":"Organization","@id":"https:\/\/www.szentkiralyi.hu\/tehetsegek\/#organization","name":"Szentkir\u00e1lyi Tehets\u00e9gprogram 2024","url":"https:\/\/www.szentkiralyi.hu\/tehetsegek\/","logo":{"@type":"ImageObject","inLanguage":"hu","@id":"https:\/\/www.szentkiralyi.hu\/tehetsegek\/#\/schema\/logo\/image\/","url":"https:\/\/www.szentkiralyi.hu\/tehetsegek\/wp-content\/uploads\/2024\/04\/szklogo.png","contentUrl":"https:\/\/www.szentkiralyi.hu\/tehetsegek\/wp-content\/uploads\/2024\/04\/szklogo.png","width":1015,"height":647,"caption":"Szentkir\u00e1lyi Tehets\u00e9gprogram 2024"},"image":{"@id":"https:\/\/www.szentkiralyi.hu\/tehetsegek\/#\/schema\/logo\/image\/"},"sameAs":["https:\/\/www.facebook.com\/Szentkiralyi.Asvanyviz","https:\/\/www.instagram.com\/szentkiralyi_asvanyviz\/"]},{"@type":"Person","@id":"https:\/\/www.szentkiralyi.hu\/tehetsegek\/#\/schema\/person\/5ef7bd66ef9925c6ca6872ec8f4c8243","name":"tehetsegek","image":{"@type":"ImageObject","inLanguage":"hu","@id":"https:\/\/www.szentkiralyi.hu\/tehetsegek\/#\/schema\/person\/image\/","url":"https:\/\/secure.gravatar.com\/avatar\/de5e40fd6a9f4ec1f00674644d9ab02572dd1c9f7505bbe89f3d786383b33ef4?s=96&d=mm&r=g","contentUrl":"https:\/\/secure.gravatar.com\/avatar\/de5e40fd6a9f4ec1f00674644d9ab02572dd1c9f7505bbe89f3d786383b33ef4?s=96&d=mm&r=g","caption":"tehetsegek"},"sameAs":["https:\/\/www.szentkiralyi.hu\/tehetsegek"],"url":"https:\/\/www.szentkiralyi.hu\/tehetsegek\/author\/tehetsegek\/"}]}},"_links":{"self":[{"href":"https:\/\/www.szentkiralyi.hu\/tehetsegek\/wp-json\/wp\/v2\/posts\/207","targetHints":{"allow":["GET"]}}],"collection":[{"href":"https:\/\/www.szentkiralyi.hu\/tehetsegek\/wp-json\/wp\/v2\/posts"}],"about":[{"href":"https:\/\/www.szentkiralyi.hu\/tehetsegek\/wp-json\/wp\/v2\/types\/post"}],"author":[{"embeddable":true,"href":"https:\/\/www.szentkiralyi.hu\/tehetsegek\/wp-json\/wp\/v2\/users\/1"}],"replies":[{"embeddable":true,"href":"https:\/\/www.szentkiralyi.hu\/tehetsegek\/wp-json\/wp\/v2\/comments?post=207"}],"version-history":[{"count":5,"href":"https:\/\/www.szentkiralyi.hu\/tehetsegek\/wp-json\/wp\/v2\/posts\/207\/revisions"}],"predecessor-version":[{"id":823,"href":"https:\/\/www.szentkiralyi.hu\/tehetsegek\/wp-json\/wp\/v2\/posts\/207\/revisions\/823"}],"wp:featuredmedia":[{"embeddable":true,"href":"https:\/\/www.szentkiralyi.hu\/tehetsegek\/wp-json\/wp\/v2\/media\/208"}],"wp:attachment":[{"href":"https:\/\/www.szentkiralyi.hu\/tehetsegek\/wp-json\/wp\/v2\/media?parent=207"}],"wp:term":[{"taxonomy":"category","embeddable":true,"href":"https:\/\/www.szentkiralyi.hu\/tehetsegek\/wp-json\/wp\/v2\/categories?post=207"},{"taxonomy":"post_tag","embeddable":true,"href":"https:\/\/www.szentkiralyi.hu\/tehetsegek\/wp-json\/wp\/v2\/tags?post=207"}],"curies":[{"name":"wp","href":"https:\/\/api.w.org\/{rel}","templated":true}]}}